{"id":7277,"date":"2024-08-29T08:07:38","date_gmt":"2024-08-29T04:07:38","guid":{"rendered":"https:\/\/anima.az\/?p=7277"},"modified":"2024-08-29T08:12:53","modified_gmt":"2024-08-29T04:12:53","slug":"the-emile-awards-announce-their-nominations","status":"publish","type":"post","link":"https:\/\/anima.az\/en\/2024\/08\/the-emile-awards-announce-their-nominations\/","title":{"rendered":"The Emile Awards Announce Their Nominations"},"content":{"rendered":"<div class='epvc-post-count' style='padding-bottom: 20px;'><span class='epvc-label'> Bax\u0131\u015f say\u0131:<\/span> <span class=\"epvc-count\"> 700<\/span><\/div><p><strong>The\u00a0European Animation Awards<\/strong>\u00a0are pleased to announce the nominees for the ten categories of short and feature animated films.<\/p>\n<p>A complete list of all nominees is available on the European Animation Awards web site:\u00a0<strong><a href=\"https:\/\/animationawards.eu\/emile-awards-2024-2\/\">www. animationawards.eu<\/a><\/strong>.<\/p>\n<p>The Emile Awards, the European Animation Awards, are pleased to announce the nominees for the ten categories of short and feature animated films.<\/p>\n<p><strong>Short <\/strong><strong>f<\/strong><strong>ilm categories include<\/strong><strong>:<\/strong><\/p>\n<ul>\n<li>Best Backgrounds and Characters in Short Film<\/li>\n<li>Best Animation in Short Film<\/li>\n<li>Best Sound Design and Music in Short Film<\/li>\n<li>Best Innovative Short Film<\/li>\n<li>Best of the Best Short Film<\/li>\n<\/ul>\n<p><strong>The Feature Film categories include<\/strong><strong>:<\/strong><\/p>\n<ul>\n<li>Best Writing in a Feature<\/li>\n<li>Best Soundtrack in a Feature<\/li>\n<li>Best Backgrounds and Character Design in a Feature<\/li>\n<li>Best Animation in a Feature<\/li>\n<li>Best of the Best Feature<\/li>\n<\/ul>\n<p>Founded in 2017, The Emiles honour the art of European animation and the talented people who create it, from independent animators to animation studios.<\/p>\n<p>The Awards ceremony will take place on Monday 23 September 2024. It will be held at the historic Apollon Municipal Theatre in the city of Hermoupolis on the beautiful island of Syros Greece as the kick off event of the <a href=\"https:\/\/animasyros.gr\/\"><strong>ANIMASYROS International Animation Festival<\/strong><\/a> which will take place from the 23rd of September until the 29th.<\/p>\n<p><strong>Emile Awards Organizing Committee:<\/strong><\/p>\n<p>Rashid AGHAMALIYEV (AZ\/CZ), Carolina Lopez Caballero (ES), Olivier CATHERIN (FR), Juan Carlos CONCHA (ES,) Nancy DENNEY-PHELPS (BE), Mariam KANDELAKI (GE), Vassilis KARAMITSANIS (GR), Holger LANG (AT), Libor NEMESKAL (CZ), Kerdi OENGO (FI), Aneta OZOREK (NL\/PL), R\u00e9ka TEMPLE (HU), Daniel \u0160ULJI\u0106 (HR) and Anna ZACA (LV)<\/p>\n<p><strong>For more information:<\/strong><\/p>\n<p>Eleni MICHALAKI<\/p>\n<p>athensoffice@animasyros.gr<\/p>\n<p>&nbsp;<\/p>\n","protected":false},"excerpt":{"rendered":"<p><span class=\"excerpt-hellip\"> [\u2026]<\/span><\/p>\n","protected":false},"author":1,"featured_media":6381,"comment_status":"closed","ping_status":"closed","sticky":false,"template":"","format":"standard","meta":{"footnotes":""},"categories":[18,33,32],"tags":[],"class_list":["post-7277","post","type-post","status-publish","format-standard","has-post-thumbnail","hentry","category-uncategorized","category-maliyy-furstlri-musabiqlr-en","category-dunya-animasiyasi-en"],"_links":{"self":[{"href":"https:\/\/anima.az\/en\/wp-json\/wp\/v2\/posts\/7277"}],"collection":[{"href":"https:\/\/anima.az\/en\/wp-json\/wp\/v2\/posts"}],"about":[{"href":"https:\/\/anima.az\/en\/wp-json\/wp\/v2\/types\/post"}],"author":[{"embeddable":true,"href":"https:\/\/anima.az\/en\/wp-json\/wp\/v2\/users\/1"}],"replies":[{"embeddable":true,"href":"https:\/\/anima.az\/en\/wp-json\/wp\/v2\/comments?post=7277"}],"version-history":[{"count":1,"href":"https:\/\/anima.az\/en\/wp-json\/wp\/v2\/posts\/7277\/revisions"}],"predecessor-version":[{"id":7278,"href":"https:\/\/anima.az\/en\/wp-json\/wp\/v2\/posts\/7277\/revisions\/7278"}],"wp:featuredmedia":[{"embeddable":true,"href":"https:\/\/anima.az\/en\/wp-json\/wp\/v2\/media\/6381"}],"wp:attachment":[{"href":"https:\/\/anima.az\/en\/wp-json\/wp\/v2\/media?parent=7277"}],"wp:term":[{"taxonomy":"category","embeddable":true,"href":"https:\/\/anima.az\/en\/wp-json\/wp\/v2\/categories?post=7277"},{"taxonomy":"post_tag","embeddable":true,"href":"https:\/\/anima.az\/en\/wp-json\/wp\/v2\/tags?post=7277"}],"curies":[{"name":"wp","href":"https:\/\/api.w.org\/{rel}","templated":true}]}}